{"id":4463,"date":"2023-09-26T10:12:00","date_gmt":"2023-09-26T09:12:00","guid":{"rendered":"https:\/\/naef-commercial.ch\/?p=4463"},"modified":"2026-04-30T10:14:34","modified_gmt":"2026-04-30T09:14:34","slug":"snapshot-bureaux-geneve-zurich-bale-2023","status":"publish","type":"post","link":"https:\/\/naef-commercial.ch\/fr\/snapshot-bureaux-geneve-zurich-bale-2023\/","title":{"rendered":"Snapshot\u00a0&#8211;\u00a0Bureaux\u00a0&#8211;\u00a0Gen\u00e8ve\u00a0&#8211;\u00a0Zurich\u00a0&#8211;\u00a0B\u00e2le\u00a0&#8211;\u00a02023"},"content":{"rendered":"\n<p><\/p>\n\n\n\n<p>Retrouvez ci-dessous les tendances du march\u00e9 de bureaux \u00e0 Gen\u00e8ve, Zurich et B\u00e2le.<\/p>\n\n\n\n<div class=\"wp-block-file\"><a id=\"wp-block-file--media-db105dd8-bfae-42cb-967f-04f4cef047bc\" href=\"https:\/\/naef-commercial.ch\/wp-content\/uploads\/2023\/09\/snapshot2023-8P-digital.pdf\">snapshot2023 8P digital<\/a><a href=\"https:\/\/naef-commercial.ch\/wp-content\/uploads\/2023\/09\/snapshot2023-8P-digital.pdf\" class=\"wp-block-file__button wp-element-button\" download aria-describedby=\"wp-block-file--media-db105dd8-bfae-42cb-967f-04f4cef047bc\">T\u00e9l\u00e9charger<\/a><\/div>\n","protected":false},"excerpt":{"rendered":"<p>Retrouvez ci-dessous les tendances du march\u00e9 de bureaux \u00e0 Gen\u00e8ve, Zurich et B\u00e2le.<\/p>\n","protected":false},"author":2,"featured_media":4464,"comment_status":"closed","ping_status":"closed","sticky":false,"template":"","format":"standard","meta":{"_acf_changed":false,"footnotes":""},"categories":[28],"tags":[],"class_list":["post-4463","post","type-post","status-publish","format-standard","has-post-thumbnail","hentry","category-etudes-nationales"],"acf":[],"_links":{"self":[{"href":"https:\/\/naef-commercial.ch\/fr\/wp-json\/wp\/v2\/posts\/4463","targetHints":{"allow":["GET"]}}],"collection":[{"href":"https:\/\/naef-commercial.ch\/fr\/wp-json\/wp\/v2\/posts"}],"about":[{"href":"https:\/\/naef-commercial.ch\/fr\/wp-json\/wp\/v2\/types\/post"}],"author":[{"embeddable":true,"href":"https:\/\/naef-commercial.ch\/fr\/wp-json\/wp\/v2\/users\/2"}],"replies":[{"embeddable":true,"href":"https:\/\/naef-commercial.ch\/fr\/wp-json\/wp\/v2\/comments?post=4463"}],"version-history":[{"count":2,"href":"https:\/\/naef-commercial.ch\/fr\/wp-json\/wp\/v2\/posts\/4463\/revisions"}],"predecessor-version":[{"id":4468,"href":"https:\/\/naef-commercial.ch\/fr\/wp-json\/wp\/v2\/posts\/4463\/revisions\/4468"}],"wp:featuredmedia":[{"embeddable":true,"href":"https:\/\/naef-commercial.ch\/fr\/wp-json\/wp\/v2\/media\/4464"}],"wp:attachment":[{"href":"https:\/\/naef-commercial.ch\/fr\/wp-json\/wp\/v2\/media?parent=4463"}],"wp:term":[{"taxonomy":"category","embeddable":true,"href":"https:\/\/naef-commercial.ch\/fr\/wp-json\/wp\/v2\/categories?post=4463"},{"taxonomy":"post_tag","embeddable":true,"href":"https:\/\/naef-commercial.ch\/fr\/wp-json\/wp\/v2\/tags?post=4463"}],"curies":[{"name":"wp","href":"https:\/\/api.w.org\/{rel}","templated":true}]}}