{"id":4457,"date":"2023-10-26T10:08:00","date_gmt":"2023-10-26T09:08:00","guid":{"rendered":"https:\/\/naef-commercial.ch\/?p=4457"},"modified":"2026-04-30T10:08:54","modified_gmt":"2026-04-30T09:08:54","slug":"perspectives-q4-la-seule-tendance-est-le-changement","status":"publish","type":"post","link":"https:\/\/naef-commercial.ch\/fr\/perspectives-q4-la-seule-tendance-est-le-changement\/","title":{"rendered":"Perspectives\u00a0Q4\u00a0:\u00a0La\u00a0seule\u00a0tendance\u00a0est\u00a0le\u00a0changement"},"content":{"rendered":"\n<p><\/p>\n\n\n\n<p>Explorez nos pr\u00e9visions pour le reste de l&rsquo;ann\u00e9e 2023 et notre analyse des principales consid\u00e9rations strat\u00e9giques. Quelle est la perspective pour les taux d&rsquo;int\u00e9r\u00eat, \u00e0 quelle vitesse vont-ils s&rsquo;inverser et qu&rsquo;est-ce que cela signifie pour les flux de capitaux ?&nbsp;<\/p>\n\n\n\n<p>Avec une divergence de points de vue et des interpr\u00e9tations contradictoires autour de la sant\u00e9 des \u00e9conomies, notre Perspective Active Capital pour le quatri\u00e8me trimestre d\u00e9taille les derni\u00e8res informations dont vous avez besoin pour prendre des d\u00e9cisions \u00e9clair\u00e9es.<\/p>\n\n\n\n<p><a href=\"https:\/\/www.youtube.com\/watch?v=DP72UMGI3hU\" target=\"_blank\" rel=\"noreferrer noopener\">D\u00e9couvrir la vid\u00e9o en cliquant ici<\/a>.<\/p>\n","protected":false},"excerpt":{"rendered":"<p>Explorez nos pr\u00e9visions pour le reste de l&rsquo;ann\u00e9e 2023 et notre analyse des principales consid\u00e9rations strat\u00e9giques. Quelle est la perspective pour les taux d&rsquo;int\u00e9r\u00eat, \u00e0 quelle vitesse vont-ils s&rsquo;inverser et qu&rsquo;est-ce que cela signifie pour les flux de capitaux ?&nbsp; Avec une divergence de points de vue et des interpr\u00e9tations contradictoires autour de la sant\u00e9 [&hellip;]<\/p>\n","protected":false},"author":2,"featured_media":4454,"comment_status":"closed","ping_status":"closed","sticky":false,"template":"","format":"standard","meta":{"_acf_changed":false,"footnotes":""},"categories":[27],"tags":[],"class_list":["post-4457","post","type-post","status-publish","format-standard","has-post-thumbnail","hentry","category-actualites"],"acf":[],"_links":{"self":[{"href":"https:\/\/naef-commercial.ch\/fr\/wp-json\/wp\/v2\/posts\/4457","targetHints":{"allow":["GET"]}}],"collection":[{"href":"https:\/\/naef-commercial.ch\/fr\/wp-json\/wp\/v2\/posts"}],"about":[{"href":"https:\/\/naef-commercial.ch\/fr\/wp-json\/wp\/v2\/types\/post"}],"author":[{"embeddable":true,"href":"https:\/\/naef-commercial.ch\/fr\/wp-json\/wp\/v2\/users\/2"}],"replies":[{"embeddable":true,"href":"https:\/\/naef-commercial.ch\/fr\/wp-json\/wp\/v2\/comments?post=4457"}],"version-history":[{"count":1,"href":"https:\/\/naef-commercial.ch\/fr\/wp-json\/wp\/v2\/posts\/4457\/revisions"}],"predecessor-version":[{"id":4458,"href":"https:\/\/naef-commercial.ch\/fr\/wp-json\/wp\/v2\/posts\/4457\/revisions\/4458"}],"wp:featuredmedia":[{"embeddable":true,"href":"https:\/\/naef-commercial.ch\/fr\/wp-json\/wp\/v2\/media\/4454"}],"wp:attachment":[{"href":"https:\/\/naef-commercial.ch\/fr\/wp-json\/wp\/v2\/media?parent=4457"}],"wp:term":[{"taxonomy":"category","embeddable":true,"href":"https:\/\/naef-commercial.ch\/fr\/wp-json\/wp\/v2\/categories?post=4457"},{"taxonomy":"post_tag","embeddable":true,"href":"https:\/\/naef-commercial.ch\/fr\/wp-json\/wp\/v2\/tags?post=4457"}],"curies":[{"name":"wp","href":"https:\/\/api.w.org\/{rel}","templated":true}]}}