{"id":4450,"date":"2023-11-23T09:51:00","date_gmt":"2023-11-23T08:51:00","guid":{"rendered":"https:\/\/naef-commercial.ch\/?p=4450"},"modified":"2026-04-30T09:53:15","modified_gmt":"2026-04-30T08:53:15","slug":"synthese-du-marche-de-linvestissement-immobilier-genevois-3e-trimestre-2023","status":"publish","type":"post","link":"https:\/\/naef-commercial.ch\/fr\/synthese-du-marche-de-linvestissement-immobilier-genevois-3e-trimestre-2023\/","title":{"rendered":"Synth\u00e8se\u00a0du\u00a0march\u00e9\u00a0de\u00a0l\u2019investissement\u00a0immobilier\u00a0genevois\u00a0\u2014\u00a03e\u00a0trimestre\u00a02023"},"content":{"rendered":"\n<p><\/p>\n\n\n\n<p>Retrouvez ci-dessous la situation du march\u00e9 genevois de l&rsquo;investissement au 3e trimestre 2023.<\/p>\n\n\n\n<p>Ce troisi\u00e8me trimestre confirme le fort ralentissement qui perdure depuis maintenant plus d&rsquo;une ann\u00e9e.<\/p>\n\n\n\n<p>Le volume des ventes d&rsquo;immeubles enregistr\u00e9 au cours des trois premiers trimestres 2023 est inf\u00e9rieur de 36% en comparaison des trois premiers trimestres 2022.&nbsp;<\/p>\n\n\n\n<div class=\"wp-block-file\"><a id=\"wp-block-file--media-bdc9d21f-7519-430d-bbda-79fd3e4af949\" href=\"https:\/\/naef-commercial.ch\/wp-content\/uploads\/2026\/04\/Synthese-du-marche-de-linvestissement-immobilier-genevois_3e-trimestre-2023.pdf\">Synth\u00e8se du march\u00e9 de l&rsquo;investissement immobilier genevois_3e trimestre 2023<\/a><a href=\"https:\/\/naef-commercial.ch\/wp-content\/uploads\/2026\/04\/Synthese-du-marche-de-linvestissement-immobilier-genevois_3e-trimestre-2023.pdf\" class=\"wp-block-file__button wp-element-button\" download aria-describedby=\"wp-block-file--media-bdc9d21f-7519-430d-bbda-79fd3e4af949\">T\u00e9l\u00e9charger<\/a><\/div>\n","protected":false},"excerpt":{"rendered":"<p>Retrouvez ci-dessous la situation du march\u00e9 genevois de l&rsquo;investissement au 3e trimestre 2023. Ce troisi\u00e8me trimestre confirme le fort ralentissement qui perdure depuis maintenant plus d&rsquo;une ann\u00e9e. Le volume des ventes d&rsquo;immeubles enregistr\u00e9 au cours des trois premiers trimestres 2023 est inf\u00e9rieur de 36% en comparaison des trois premiers trimestres 2022.&nbsp;<\/p>\n","protected":false},"author":2,"featured_media":4444,"comment_status":"closed","ping_status":"closed","sticky":false,"template":"","format":"standard","meta":{"_acf_changed":false,"footnotes":""},"categories":[28],"tags":[],"class_list":["post-4450","post","type-post","status-publish","format-standard","has-post-thumbnail","hentry","category-etudes-nationales"],"acf":[],"_links":{"self":[{"href":"https:\/\/naef-commercial.ch\/fr\/wp-json\/wp\/v2\/posts\/4450","targetHints":{"allow":["GET"]}}],"collection":[{"href":"https:\/\/naef-commercial.ch\/fr\/wp-json\/wp\/v2\/posts"}],"about":[{"href":"https:\/\/naef-commercial.ch\/fr\/wp-json\/wp\/v2\/types\/post"}],"author":[{"embeddable":true,"href":"https:\/\/naef-commercial.ch\/fr\/wp-json\/wp\/v2\/users\/2"}],"replies":[{"embeddable":true,"href":"https:\/\/naef-commercial.ch\/fr\/wp-json\/wp\/v2\/comments?post=4450"}],"version-history":[{"count":1,"href":"https:\/\/naef-commercial.ch\/fr\/wp-json\/wp\/v2\/posts\/4450\/revisions"}],"predecessor-version":[{"id":4452,"href":"https:\/\/naef-commercial.ch\/fr\/wp-json\/wp\/v2\/posts\/4450\/revisions\/4452"}],"wp:featuredmedia":[{"embeddable":true,"href":"https:\/\/naef-commercial.ch\/fr\/wp-json\/wp\/v2\/media\/4444"}],"wp:attachment":[{"href":"https:\/\/naef-commercial.ch\/fr\/wp-json\/wp\/v2\/media?parent=4450"}],"wp:term":[{"taxonomy":"category","embeddable":true,"href":"https:\/\/naef-commercial.ch\/fr\/wp-json\/wp\/v2\/categories?post=4450"},{"taxonomy":"post_tag","embeddable":true,"href":"https:\/\/naef-commercial.ch\/fr\/wp-json\/wp\/v2\/tags?post=4450"}],"curies":[{"name":"wp","href":"https:\/\/api.w.org\/{rel}","templated":true}]}}