{"id":4439,"date":"2024-04-04T09:40:00","date_gmt":"2024-04-04T08:40:00","guid":{"rendered":"https:\/\/naef-commercial.ch\/?p=4439"},"modified":"2026-04-30T09:44:28","modified_gmt":"2026-04-30T08:44:28","slug":"marche-de-limmobilier-suisse-retrospective-2023","status":"publish","type":"post","link":"https:\/\/naef-commercial.ch\/fr\/marche-de-limmobilier-suisse-retrospective-2023\/","title":{"rendered":"March\u00e9\u00a0de\u00a0l&rsquo;immobilier\u00a0suisse\u00a0&#8211;\u00a0R\u00e9trospective\u00a02023"},"content":{"rendered":"\n<p><\/p>\n\n\n\n<p>Nous sommes heureux de vous pr\u00e9senter notre R\u00e9trospective 2023 du march\u00e9 de l&rsquo;immobilier suisse.<\/p>\n\n\n\n<p>Cette \u00e9tude passe en revue le contexte \u00e9conomique et donne un aper\u00e7u de l&rsquo;immobilier d&rsquo;investissement et commercial dans les cantons de Gen\u00e8ve, Neuch\u00e2tel, Vaud, Zurich et B\u00e2le.<br><br>D\u00e9couvrez, entre autres, notre analyse sur le volume et le nombre de transactions, les meilleures ventes de l&rsquo;ann\u00e9e et les diff\u00e9rents types d&rsquo;investisseurs ainsi que les prix du march\u00e9 des surfaces commerciales et les tendances dans les grandes villes de m\u00eame que les grands projets \u00e0 venir.<\/p>\n\n\n\n<p>Consultez l&rsquo;int\u00e9gralit\u00e9 de notre analyse ci-dessous.<\/p>\n\n\n\n<div class=\"wp-block-file\"><a id=\"wp-block-file--media-fc80adb7-3f46-47a9-a974-7364478659c0\" href=\"https:\/\/naef-commercial.ch\/wp-content\/uploads\/2026\/04\/Marche-de-limmobilier-suisse-Retrospective-2023.pdf\">March\u00e9 de l&rsquo;immobilier suisse &#8211; R\u00e9trospective 2023<\/a><a href=\"https:\/\/naef-commercial.ch\/wp-content\/uploads\/2026\/04\/Marche-de-limmobilier-suisse-Retrospective-2023.pdf\" class=\"wp-block-file__button wp-element-button\" download aria-describedby=\"wp-block-file--media-fc80adb7-3f46-47a9-a974-7364478659c0\">T\u00e9l\u00e9charger<\/a><\/div>\n","protected":false},"excerpt":{"rendered":"<p>Nous sommes heureux de vous pr\u00e9senter notre R\u00e9trospective 2023 du march\u00e9 de l&rsquo;immobilier suisse. Cette \u00e9tude passe en revue le contexte \u00e9conomique et donne un aper\u00e7u de l&rsquo;immobilier d&rsquo;investissement et commercial dans les cantons de Gen\u00e8ve, Neuch\u00e2tel, Vaud, Zurich et B\u00e2le. D\u00e9couvrez, entre autres, notre analyse sur le volume et le nombre de transactions, les [&hellip;]<\/p>\n","protected":false},"author":2,"featured_media":4442,"comment_status":"closed","ping_status":"closed","sticky":false,"template":"","format":"standard","meta":{"_acf_changed":false,"footnotes":""},"categories":[28],"tags":[],"class_list":["post-4439","post","type-post","status-publish","format-standard","has-post-thumbnail","hentry","category-etudes-nationales"],"acf":[],"_links":{"self":[{"href":"https:\/\/naef-commercial.ch\/fr\/wp-json\/wp\/v2\/posts\/4439","targetHints":{"allow":["GET"]}}],"collection":[{"href":"https:\/\/naef-commercial.ch\/fr\/wp-json\/wp\/v2\/posts"}],"about":[{"href":"https:\/\/naef-commercial.ch\/fr\/wp-json\/wp\/v2\/types\/post"}],"author":[{"embeddable":true,"href":"https:\/\/naef-commercial.ch\/fr\/wp-json\/wp\/v2\/users\/2"}],"replies":[{"embeddable":true,"href":"https:\/\/naef-commercial.ch\/fr\/wp-json\/wp\/v2\/comments?post=4439"}],"version-history":[{"count":1,"href":"https:\/\/naef-commercial.ch\/fr\/wp-json\/wp\/v2\/posts\/4439\/revisions"}],"predecessor-version":[{"id":4441,"href":"https:\/\/naef-commercial.ch\/fr\/wp-json\/wp\/v2\/posts\/4439\/revisions\/4441"}],"wp:featuredmedia":[{"embeddable":true,"href":"https:\/\/naef-commercial.ch\/fr\/wp-json\/wp\/v2\/media\/4442"}],"wp:attachment":[{"href":"https:\/\/naef-commercial.ch\/fr\/wp-json\/wp\/v2\/media?parent=4439"}],"wp:term":[{"taxonomy":"category","embeddable":true,"href":"https:\/\/naef-commercial.ch\/fr\/wp-json\/wp\/v2\/categories?post=4439"},{"taxonomy":"post_tag","embeddable":true,"href":"https:\/\/naef-commercial.ch\/fr\/wp-json\/wp\/v2\/tags?post=4439"}],"curies":[{"name":"wp","href":"https:\/\/api.w.org\/{rel}","templated":true}]}}