{"id":4431,"date":"2024-07-22T09:26:00","date_gmt":"2024-07-22T08:26:00","guid":{"rendered":"https:\/\/naef-commercial.ch\/?p=4431"},"modified":"2026-04-30T09:38:06","modified_gmt":"2026-04-30T08:38:06","slug":"synthese-du-marche-de-limmobilier-commercial-genevois","status":"publish","type":"post","link":"https:\/\/naef-commercial.ch\/fr\/synthese-du-marche-de-limmobilier-commercial-genevois\/","title":{"rendered":"Synth\u00e8se\u00a0du\u00a0march\u00e9\u00a0de\u00a0l&rsquo;immobilier\u00a0commercial\u00a0genevois"},"content":{"rendered":"\n<p><\/p>\n\n\n\n<p>Nous sommes heureux de vous pr\u00e9senter notre synth\u00e8se du march\u00e9 de l&rsquo;immobilier commercial genevois.<\/p>\n\n\n\n<p>Cette \u00e9tude commerciale porte son attention sur la zone de Lancy et son march\u00e9 immobilier de bureaux ainsi que le nouveau quartier en d\u00e9veloppement de Surville.<\/p>\n\n\n\n<p>D\u00e9couvrez, entre autres, notre analyse sur les diff\u00e9rents crit\u00e8res qui agissent sur les loyers et g\u00e9n\u00e8rent la demande.<\/p>\n\n\n\n<p>Consultez l&rsquo;int\u00e9gralit\u00e9 de notre synth\u00e8se ci-dessous.<\/p>\n\n\n\n<div class=\"wp-block-file\"><a id=\"wp-block-file--media-43b17883-0b20-4afb-bf4b-f2fc7eaea674\" href=\"https:\/\/naef-commercial.ch\/wp-content\/uploads\/2026\/04\/Synthese-marche-immobilier-commercial-2024.pdf\">Synth\u00e8se march\u00e9 immobilier commercial 2024<\/a><a href=\"https:\/\/naef-commercial.ch\/wp-content\/uploads\/2026\/04\/Synthese-marche-immobilier-commercial-2024.pdf\" class=\"wp-block-file__button wp-element-button\" download aria-describedby=\"wp-block-file--media-43b17883-0b20-4afb-bf4b-f2fc7eaea674\">T\u00e9l\u00e9charger<\/a><\/div>\n","protected":false},"excerpt":{"rendered":"<p>Nous sommes heureux de vous pr\u00e9senter notre synth\u00e8se du march\u00e9 de l&rsquo;immobilier commercial genevois. Cette \u00e9tude commerciale porte son attention sur la zone de Lancy et son march\u00e9 immobilier de bureaux ainsi que le nouveau quartier en d\u00e9veloppement de Surville. D\u00e9couvrez, entre autres, notre analyse sur les diff\u00e9rents crit\u00e8res qui agissent sur les loyers et [&hellip;]<\/p>\n","protected":false},"author":2,"featured_media":4434,"comment_status":"closed","ping_status":"closed","sticky":false,"template":"","format":"standard","meta":{"_acf_changed":false,"footnotes":""},"categories":[28],"tags":[],"class_list":["post-4431","post","type-post","status-publish","format-standard","has-post-thumbnail","hentry","category-etudes-nationales"],"acf":[],"_links":{"self":[{"href":"https:\/\/naef-commercial.ch\/fr\/wp-json\/wp\/v2\/posts\/4431","targetHints":{"allow":["GET"]}}],"collection":[{"href":"https:\/\/naef-commercial.ch\/fr\/wp-json\/wp\/v2\/posts"}],"about":[{"href":"https:\/\/naef-commercial.ch\/fr\/wp-json\/wp\/v2\/types\/post"}],"author":[{"embeddable":true,"href":"https:\/\/naef-commercial.ch\/fr\/wp-json\/wp\/v2\/users\/2"}],"replies":[{"embeddable":true,"href":"https:\/\/naef-commercial.ch\/fr\/wp-json\/wp\/v2\/comments?post=4431"}],"version-history":[{"count":1,"href":"https:\/\/naef-commercial.ch\/fr\/wp-json\/wp\/v2\/posts\/4431\/revisions"}],"predecessor-version":[{"id":4435,"href":"https:\/\/naef-commercial.ch\/fr\/wp-json\/wp\/v2\/posts\/4431\/revisions\/4435"}],"wp:featuredmedia":[{"embeddable":true,"href":"https:\/\/naef-commercial.ch\/fr\/wp-json\/wp\/v2\/media\/4434"}],"wp:attachment":[{"href":"https:\/\/naef-commercial.ch\/fr\/wp-json\/wp\/v2\/media?parent=4431"}],"wp:term":[{"taxonomy":"category","embeddable":true,"href":"https:\/\/naef-commercial.ch\/fr\/wp-json\/wp\/v2\/categories?post=4431"},{"taxonomy":"post_tag","embeddable":true,"href":"https:\/\/naef-commercial.ch\/fr\/wp-json\/wp\/v2\/tags?post=4431"}],"curies":[{"name":"wp","href":"https:\/\/api.w.org\/{rel}","templated":true}]}}