{"id":4427,"date":"2025-03-20T09:19:00","date_gmt":"2025-03-20T08:19:00","guid":{"rendered":"https:\/\/naef-commercial.ch\/?p=4427"},"modified":"2026-04-30T09:21:06","modified_gmt":"2026-04-30T08:21:06","slug":"marche-de-limmobilier-commercial-suisse-retrospective-2024-perspectives-2025","status":"publish","type":"post","link":"https:\/\/naef-commercial.ch\/fr\/marche-de-limmobilier-commercial-suisse-retrospective-2024-perspectives-2025\/","title":{"rendered":"March\u00e9\u00a0de\u00a0l&rsquo;immobilier\u00a0commercial\u00a0suisse\u00a0&#8211;\u00a0R\u00e9trospective\u00a02024\u00a0&amp;\u00a0Perspectives\u00a02025"},"content":{"rendered":"\n<p>Nous sommes heureux de vous pr\u00e9senter notre R\u00e9trospective 2024 et Perspectives 2025 du march\u00e9 de l&rsquo;immobilier commercial suisse.<\/p>\n\n\n\n<p>Cette r\u00e9trospective offre une vision claire et argument\u00e9e des tendances qui ont fa\u00e7onn\u00e9es l&rsquo;ann\u00e9e 2024 et pr\u00e9sente les perspectives du march\u00e9 immobilier en Suisse en 2025.&nbsp;<\/p>\n\n\n\n<p>L\u2019ann\u00e9e a \u00e9t\u00e9 marqu\u00e9e par de profonds changements dans le paysage immobilier suisse. Entre l\u2019\u00e9volution du contexte \u00e9conomique, les d\u00e9fis \u00e9nerg\u00e9tiques et les mutations du march\u00e9, les acteurs du secteur ont d\u00fb faire preuve d\u2019adaptabilit\u00e9.<\/p>\n\n\n\n<p>Cette \u00e9tude compl\u00e8te et synth\u00e9tique propose une analyse approfondie des enjeux \u00e9nerg\u00e9tiques, du contexte \u00e9conomique et r\u00e9glementaire, ainsi qu\u2019un \u00e9tat des lieux du march\u00e9 de l\u2019investissement et de l\u2019immobilier commercial en Suisse romande et al\u00e9manique, avec un focus particulier sur les cantons de Gen\u00e8ve, Vaud, Neuch\u00e2tel et Zurich.<\/p>\n\n\n\n<p>D\u00e9couvrez les chiffres cl\u00e9s de l\u2019ann\u00e9e \u00e9coul\u00e9e : volumes et nombre de transactions, profils des investisseurs, ainsi que les tendances de prix des surfaces commerciales dans les grandes villes. D\u00e9couvrez \u00e9galement les grands projets \u00e0 venir, les nouveaux enjeux du secteur et l\u2019impact des contraintes \u00e9nerg\u00e9tiques sur les strat\u00e9gies d\u2019investissement.<\/p>\n\n\n\n<p>Consultez l&rsquo;int\u00e9gralit\u00e9 de notre \u00e9tude ci-dessous :&nbsp;<\/p>\n\n\n\n<div class=\"wp-block-file\"><a id=\"wp-block-file--media-16ddb384-a47b-421e-af11-a27c0b6ef9b8\" href=\"https:\/\/naef-commercial.ch\/wp-content\/uploads\/2026\/04\/Marche-de-limmobilier-suisse-Retrospective-2024-Frrancais.pdf\">March\u00e9 de l&rsquo;immobilier suisse &#8211; R\u00e9trospective 2024 &#8211; Frran\u00e7ais<\/a><a href=\"https:\/\/naef-commercial.ch\/wp-content\/uploads\/2026\/04\/Marche-de-limmobilier-suisse-Retrospective-2024-Frrancais.pdf\" class=\"wp-block-file__button wp-element-button\" download aria-describedby=\"wp-block-file--media-16ddb384-a47b-421e-af11-a27c0b6ef9b8\">T\u00e9l\u00e9charger<\/a><\/div>\n","protected":false},"excerpt":{"rendered":"<p>Nous sommes heureux de vous pr\u00e9senter notre R\u00e9trospective 2024 et Perspectives 2025 du march\u00e9 de l&rsquo;immobilier commercial suisse. Cette r\u00e9trospective offre une vision claire et argument\u00e9e des tendances qui ont fa\u00e7onn\u00e9es l&rsquo;ann\u00e9e 2024 et pr\u00e9sente les perspectives du march\u00e9 immobilier en Suisse en 2025.&nbsp; L\u2019ann\u00e9e a \u00e9t\u00e9 marqu\u00e9e par de profonds changements dans le paysage [&hellip;]<\/p>\n","protected":false},"author":2,"featured_media":4429,"comment_status":"closed","ping_status":"closed","sticky":false,"template":"","format":"standard","meta":{"_acf_changed":false,"footnotes":""},"categories":[28],"tags":[],"class_list":["post-4427","post","type-post","status-publish","format-standard","has-post-thumbnail","hentry","category-etudes-nationales"],"acf":[],"_links":{"self":[{"href":"https:\/\/naef-commercial.ch\/fr\/wp-json\/wp\/v2\/posts\/4427","targetHints":{"allow":["GET"]}}],"collection":[{"href":"https:\/\/naef-commercial.ch\/fr\/wp-json\/wp\/v2\/posts"}],"about":[{"href":"https:\/\/naef-commercial.ch\/fr\/wp-json\/wp\/v2\/types\/post"}],"author":[{"embeddable":true,"href":"https:\/\/naef-commercial.ch\/fr\/wp-json\/wp\/v2\/users\/2"}],"replies":[{"embeddable":true,"href":"https:\/\/naef-commercial.ch\/fr\/wp-json\/wp\/v2\/comments?post=4427"}],"version-history":[{"count":1,"href":"https:\/\/naef-commercial.ch\/fr\/wp-json\/wp\/v2\/posts\/4427\/revisions"}],"predecessor-version":[{"id":4430,"href":"https:\/\/naef-commercial.ch\/fr\/wp-json\/wp\/v2\/posts\/4427\/revisions\/4430"}],"wp:featuredmedia":[{"embeddable":true,"href":"https:\/\/naef-commercial.ch\/fr\/wp-json\/wp\/v2\/media\/4429"}],"wp:attachment":[{"href":"https:\/\/naef-commercial.ch\/fr\/wp-json\/wp\/v2\/media?parent=4427"}],"wp:term":[{"taxonomy":"category","embeddable":true,"href":"https:\/\/naef-commercial.ch\/fr\/wp-json\/wp\/v2\/categories?post=4427"},{"taxonomy":"post_tag","embeddable":true,"href":"https:\/\/naef-commercial.ch\/fr\/wp-json\/wp\/v2\/tags?post=4427"}],"curies":[{"name":"wp","href":"https:\/\/api.w.org\/{rel}","templated":true}]}}