{"id":4423,"date":"2024-08-20T09:06:00","date_gmt":"2024-08-20T08:06:00","guid":{"rendered":"https:\/\/naef-commercial.ch\/?p=4423"},"modified":"2026-04-30T09:18:50","modified_gmt":"2026-04-30T08:18:50","slug":"synthese-du-marche-de-linvestissement-immobilier-genevois-2eme-trimestre-2024","status":"publish","type":"post","link":"https:\/\/naef-commercial.ch\/fr\/synthese-du-marche-de-linvestissement-immobilier-genevois-2eme-trimestre-2024\/","title":{"rendered":"Synth\u00e8se\u00a0du\u00a0march\u00e9\u00a0de\u00a0l\u2019investissement\u00a0immobilier\u00a0genevois\u00a0\u2014\u00a02\u00e8me\u00a0trimestre\u00a02024"},"content":{"rendered":"\n<p><\/p>\n\n\n\n<p>Nous sommes heureux de vous pr\u00e9senter notre synth\u00e8se de la situation du march\u00e9 genevois de l&rsquo;investissement au 2\u00e8me trimestre 2024.<\/p>\n\n\n\n<p>Les r\u00e9sultats de ce trimestre confirment le fort ralentissement des \u00e9changes sur le&nbsp;march\u00e9 de l\u2019immobilier d\u2019investissement. Ainsi, malgr\u00e9 des indicateurs rassurants&nbsp;qui&nbsp;devraient marquer le retour des investisseurs sur le march\u00e9 , le 1er semestre aura \u00e9t\u00e9 morose.<\/p>\n\n\n\n<p>D\u00e9couvrez, entre autres, notre analyse sur le volume et le nombre de transactions, les investissements selon affectation et les meilleures ventes de ce trimestre.<\/p>\n\n\n\n<p>Consultez l&rsquo;int\u00e9gralit\u00e9 de notre synth\u00e8se ci-dessous.<\/p>\n\n\n\n<div class=\"wp-block-file\"><a id=\"wp-block-file--media-b640ca7d-a041-4047-9648-c5df38ba4148\" href=\"https:\/\/naef-commercial.ch\/wp-content\/uploads\/2026\/04\/Synthese-du-marche-de-linvestissement-immobilier-genevois-\u2014-2eme-trimestre-2024.pdf\">Synth\u00e8se du march\u00e9 de l\u2019investissement immobilier genevois \u2014 2\u00e8me trimestre 2024<\/a><a href=\"https:\/\/naef-commercial.ch\/wp-content\/uploads\/2026\/04\/Synthese-du-marche-de-linvestissement-immobilier-genevois-\u2014-2eme-trimestre-2024.pdf\" class=\"wp-block-file__button wp-element-button\" download aria-describedby=\"wp-block-file--media-b640ca7d-a041-4047-9648-c5df38ba4148\">T\u00e9l\u00e9charger<\/a><\/div>\n\n\n\n<p><\/p>\n","protected":false},"excerpt":{"rendered":"<p>Nous sommes heureux de vous pr\u00e9senter notre synth\u00e8se de la situation du march\u00e9 genevois de l&rsquo;investissement au 2\u00e8me trimestre 2024. Les r\u00e9sultats de ce trimestre confirment le fort ralentissement des \u00e9changes sur le&nbsp;march\u00e9 de l\u2019immobilier d\u2019investissement. Ainsi, malgr\u00e9 des indicateurs rassurants&nbsp;qui&nbsp;devraient marquer le retour des investisseurs sur le march\u00e9 , le 1er semestre aura \u00e9t\u00e9 [&hellip;]<\/p>\n","protected":false},"author":2,"featured_media":4425,"comment_status":"closed","ping_status":"closed","sticky":false,"template":"","format":"standard","meta":{"_acf_changed":false,"footnotes":""},"categories":[28],"tags":[],"class_list":["post-4423","post","type-post","status-publish","format-standard","has-post-thumbnail","hentry","category-etudes-nationales"],"acf":[],"_links":{"self":[{"href":"https:\/\/naef-commercial.ch\/fr\/wp-json\/wp\/v2\/posts\/4423","targetHints":{"allow":["GET"]}}],"collection":[{"href":"https:\/\/naef-commercial.ch\/fr\/wp-json\/wp\/v2\/posts"}],"about":[{"href":"https:\/\/naef-commercial.ch\/fr\/wp-json\/wp\/v2\/types\/post"}],"author":[{"embeddable":true,"href":"https:\/\/naef-commercial.ch\/fr\/wp-json\/wp\/v2\/users\/2"}],"replies":[{"embeddable":true,"href":"https:\/\/naef-commercial.ch\/fr\/wp-json\/wp\/v2\/comments?post=4423"}],"version-history":[{"count":1,"href":"https:\/\/naef-commercial.ch\/fr\/wp-json\/wp\/v2\/posts\/4423\/revisions"}],"predecessor-version":[{"id":4426,"href":"https:\/\/naef-commercial.ch\/fr\/wp-json\/wp\/v2\/posts\/4423\/revisions\/4426"}],"wp:featuredmedia":[{"embeddable":true,"href":"https:\/\/naef-commercial.ch\/fr\/wp-json\/wp\/v2\/media\/4425"}],"wp:attachment":[{"href":"https:\/\/naef-commercial.ch\/fr\/wp-json\/wp\/v2\/media?parent=4423"}],"wp:term":[{"taxonomy":"category","embeddable":true,"href":"https:\/\/naef-commercial.ch\/fr\/wp-json\/wp\/v2\/categories?post=4423"},{"taxonomy":"post_tag","embeddable":true,"href":"https:\/\/naef-commercial.ch\/fr\/wp-json\/wp\/v2\/tags?post=4423"}],"curies":[{"name":"wp","href":"https:\/\/api.w.org\/{rel}","templated":true}]}}