{"id":4411,"date":"2024-11-19T08:12:00","date_gmt":"2024-11-19T07:12:00","guid":{"rendered":"https:\/\/naef-commercial.ch\/?p=4411"},"modified":"2026-04-30T08:14:55","modified_gmt":"2026-04-30T07:14:55","slug":"synthese-du-marche-de-linvestissement-immobilier-genevois-3eme-trimestre-2024","status":"publish","type":"post","link":"https:\/\/naef-commercial.ch\/fr\/synthese-du-marche-de-linvestissement-immobilier-genevois-3eme-trimestre-2024\/","title":{"rendered":"Synth\u00e8se\u00a0du\u00a0march\u00e9\u00a0de\u00a0l\u2019investissement\u00a0immobilier\u00a0genevois\u00a0\u2014\u00a03\u00e8me\u00a0trimestre\u00a02024"},"content":{"rendered":"\n<p>Nous sommes heureux de vous pr\u00e9senter notre synth\u00e8se du march\u00e9 de l&rsquo;investissement immobilier genevois au 3\u00e8me trimestre 2024.<\/p>\n\n\n\n<p>Ce trimestre marque une reprise notable avec une augmentation du volume des transactions de 56 % par rapport \u00e0 la moyenne des deux premiers trimestres. Cette progression t\u00e9moigne d\u2019une volont\u00e9 accrue des investisseurs malgr\u00e9 un contexte marqu\u00e9 par des contraintes de financement et des exigences de r\u00e9novations \u00e9nerg\u00e9tiques.<\/p>\n\n\n\n<p>D\u00e9couvrez, entre autres, notre analyse d\u00e9taill\u00e9e des volumes et types d&rsquo;investissements, des taux de capitalisation en hausse, et des transactions majeures du trimestre.<\/p>\n\n\n\n<p>Consultez l&rsquo;int\u00e9gralit\u00e9 de notre synth\u00e8se ci-dessous.<\/p>\n\n\n\n<div class=\"wp-block-file\"><a id=\"wp-block-file--media-e2333d58-c5ed-42c9-af40-82d82e244409\" href=\"https:\/\/naef-commercial.ch\/wp-content\/uploads\/2026\/04\/Synthese-du-marche-de-linvestissement-immobilier-genevois-au-3e-trimestre-2024.pdf\">Synth\u00e8se du march\u00e9 de l&rsquo;investissement immobilier genevois au 3e trimestre 2024<\/a><a href=\"https:\/\/naef-commercial.ch\/wp-content\/uploads\/2026\/04\/Synthese-du-marche-de-linvestissement-immobilier-genevois-au-3e-trimestre-2024.pdf\" class=\"wp-block-file__button wp-element-button\" download aria-describedby=\"wp-block-file--media-e2333d58-c5ed-42c9-af40-82d82e244409\">T\u00e9l\u00e9charger<\/a><\/div>\n\n\n\n<p class=\".nckf-post-paragraph\"><\/p>\n\n\n\n<p><\/p>\n","protected":false},"excerpt":{"rendered":"<p>Nous sommes heureux de vous pr\u00e9senter notre synth\u00e8se du march\u00e9 de l&rsquo;investissement immobilier genevois au 3\u00e8me trimestre 2024. Ce trimestre marque une reprise notable avec une augmentation du volume des transactions de 56 % par rapport \u00e0 la moyenne des deux premiers trimestres. Cette progression t\u00e9moigne d\u2019une volont\u00e9 accrue des investisseurs malgr\u00e9 un contexte marqu\u00e9 [&hellip;]<\/p>\n","protected":false},"author":2,"featured_media":4414,"comment_status":"closed","ping_status":"closed","sticky":false,"template":"","format":"standard","meta":{"_acf_changed":false,"footnotes":""},"categories":[28],"tags":[],"class_list":["post-4411","post","type-post","status-publish","format-standard","has-post-thumbnail","hentry","category-etudes-nationales"],"acf":[],"_links":{"self":[{"href":"https:\/\/naef-commercial.ch\/fr\/wp-json\/wp\/v2\/posts\/4411","targetHints":{"allow":["GET"]}}],"collection":[{"href":"https:\/\/naef-commercial.ch\/fr\/wp-json\/wp\/v2\/posts"}],"about":[{"href":"https:\/\/naef-commercial.ch\/fr\/wp-json\/wp\/v2\/types\/post"}],"author":[{"embeddable":true,"href":"https:\/\/naef-commercial.ch\/fr\/wp-json\/wp\/v2\/users\/2"}],"replies":[{"embeddable":true,"href":"https:\/\/naef-commercial.ch\/fr\/wp-json\/wp\/v2\/comments?post=4411"}],"version-history":[{"count":1,"href":"https:\/\/naef-commercial.ch\/fr\/wp-json\/wp\/v2\/posts\/4411\/revisions"}],"predecessor-version":[{"id":4413,"href":"https:\/\/naef-commercial.ch\/fr\/wp-json\/wp\/v2\/posts\/4411\/revisions\/4413"}],"wp:featuredmedia":[{"embeddable":true,"href":"https:\/\/naef-commercial.ch\/fr\/wp-json\/wp\/v2\/media\/4414"}],"wp:attachment":[{"href":"https:\/\/naef-commercial.ch\/fr\/wp-json\/wp\/v2\/media?parent=4411"}],"wp:term":[{"taxonomy":"category","embeddable":true,"href":"https:\/\/naef-commercial.ch\/fr\/wp-json\/wp\/v2\/categories?post=4411"},{"taxonomy":"post_tag","embeddable":true,"href":"https:\/\/naef-commercial.ch\/fr\/wp-json\/wp\/v2\/tags?post=4411"}],"curies":[{"name":"wp","href":"https:\/\/api.w.org\/{rel}","templated":true}]}}