{"id":4405,"date":"2025-11-25T08:05:00","date_gmt":"2025-11-25T07:05:00","guid":{"rendered":"https:\/\/naef-commercial.ch\/?p=4405"},"modified":"2026-04-30T09:27:37","modified_gmt":"2026-04-30T08:27:37","slug":"corporate-real-estate-sentiment-index-q3-2024","status":"publish","type":"post","link":"https:\/\/naef-commercial.ch\/fr\/corporate-real-estate-sentiment-index-q3-2024\/","title":{"rendered":"Corporate\u00a0Real\u00a0Estate\u00a0Sentiment\u00a0Index\u00a0&#8211;\u00a0Q3\u00a02024"},"content":{"rendered":"\n<p>Nous sommes heureux de vous pr\u00e9senter la nouvelle \u00e9tude de notre partenaire Knight Frank sur l\u2019immobilier d\u2019entreprise&nbsp;: Global Corporate Real Estate Sentiment Index<\/p>\n\n\n\n<p>Consultez l&rsquo;int\u00e9gralit\u00e9 de la synth\u00e8se ci-dessous.<\/p>\n\n\n\n<div class=\"wp-block-file\"><a id=\"wp-block-file--media-951a260f-b8db-4f5f-9b32-6ae4e85c6cc2\" href=\"https:\/\/naef-commercial.ch\/wp-content\/uploads\/2026\/04\/Knight-Frank-Corporate-Real-Estate-Sentiment-Index-Q3-2024-.pdf\">Knight Frank Corporate Real Estate Sentiment Index Q3 2024<\/a><a href=\"https:\/\/naef-commercial.ch\/wp-content\/uploads\/2026\/04\/Knight-Frank-Corporate-Real-Estate-Sentiment-Index-Q3-2024-.pdf\" class=\"wp-block-file__button wp-element-button\" download aria-describedby=\"wp-block-file--media-951a260f-b8db-4f5f-9b32-6ae4e85c6cc2\">T\u00e9l\u00e9charger<\/a><\/div>\n\n\n\n<p class=\".nckf-post-paragraph\"><\/p>\n","protected":false},"excerpt":{"rendered":"<p>Nous sommes heureux de vous pr\u00e9senter la nouvelle \u00e9tude de notre partenaire Knight Frank sur l\u2019immobilier d\u2019entreprise&nbsp;: Global Corporate Real Estate Sentiment Index Consultez l&rsquo;int\u00e9gralit\u00e9 de la synth\u00e8se ci-dessous.<\/p>\n","protected":false},"author":2,"featured_media":3367,"comment_status":"closed","ping_status":"closed","sticky":false,"template":"","format":"standard","meta":{"_acf_changed":false,"footnotes":""},"categories":[29],"tags":[],"class_list":["post-4405","post","type-post","status-publish","format-standard","has-post-thumbnail","hentry","category-etudes-internationales"],"acf":[],"_links":{"self":[{"href":"https:\/\/naef-commercial.ch\/fr\/wp-json\/wp\/v2\/posts\/4405","targetHints":{"allow":["GET"]}}],"collection":[{"href":"https:\/\/naef-commercial.ch\/fr\/wp-json\/wp\/v2\/posts"}],"about":[{"href":"https:\/\/naef-commercial.ch\/fr\/wp-json\/wp\/v2\/types\/post"}],"author":[{"embeddable":true,"href":"https:\/\/naef-commercial.ch\/fr\/wp-json\/wp\/v2\/users\/2"}],"replies":[{"embeddable":true,"href":"https:\/\/naef-commercial.ch\/fr\/wp-json\/wp\/v2\/comments?post=4405"}],"version-history":[{"count":1,"href":"https:\/\/naef-commercial.ch\/fr\/wp-json\/wp\/v2\/posts\/4405\/revisions"}],"predecessor-version":[{"id":4407,"href":"https:\/\/naef-commercial.ch\/fr\/wp-json\/wp\/v2\/posts\/4405\/revisions\/4407"}],"wp:featuredmedia":[{"embeddable":true,"href":"https:\/\/naef-commercial.ch\/fr\/wp-json\/wp\/v2\/media\/3367"}],"wp:attachment":[{"href":"https:\/\/naef-commercial.ch\/fr\/wp-json\/wp\/v2\/media?parent=4405"}],"wp:term":[{"taxonomy":"category","embeddable":true,"href":"https:\/\/naef-commercial.ch\/fr\/wp-json\/wp\/v2\/categories?post=4405"},{"taxonomy":"post_tag","embeddable":true,"href":"https:\/\/naef-commercial.ch\/fr\/wp-json\/wp\/v2\/tags?post=4405"}],"curies":[{"name":"wp","href":"https:\/\/api.w.org\/{rel}","templated":true}]}}