{"id":4404,"date":"2024-09-26T08:05:00","date_gmt":"2024-09-26T07:05:00","guid":{"rendered":"https:\/\/naef-commercial.ch\/?p=4404"},"modified":"2026-04-30T08:42:47","modified_gmt":"2026-04-30T07:42:47","slug":"immobilier-ch-septembre-octobre-2024-fleur-deau-un-joyau-iconique-a-la-vente","status":"publish","type":"post","link":"https:\/\/naef-commercial.ch\/fr\/immobilier-ch-septembre-octobre-2024-fleur-deau-un-joyau-iconique-a-la-vente\/","title":{"rendered":"Immobilier.ch\u00a0&#8211;\u00a0Septembre\/Octobre\u00a02024\u00a0&#8211;\u00a0Fleur\u00a0d&rsquo;Eau,\u00a0un\u00a0joyau\u00a0iconique\u00a0\u00e0\u00a0la\u00a0vente"},"content":{"rendered":"\n<p><strong>Immmobilier.ch parle de \u00ab\u00a0fleur d\u2019Eau\u00a0\u00bb<\/strong><\/p>\n\n\n\n<p>Ce lieu d\u2019exception, qui a accueilli le sommet entre Ronald Reagan et Mikha\u00efl Gorbatchev en 1985, offre un cadre unique alliant charme d\u2019\u00e9poque et accessibilit\u00e9 optimale.<\/p>\n\n\n\n<p>Nich\u00e9e dans un parc de 12\u2019000 m\u00b2 et \u00e0 seulement 9 km du centre de Gen\u00e8ve, cette propri\u00e9t\u00e9 rare est accessible aux acqu\u00e9reurs \u00e9trangers gr\u00e2ce \u00e0 sa classification commerciale. Une opportunit\u00e9 exceptionnelle pour des bureaux de prestige, \u00e0 deux pas du L\u00e9man Express et des commodit\u00e9s.<\/p>\n\n\n\n<p>Un lieu charg\u00e9 d\u2019histoire, pr\u00eat \u00e0 accueillir son nouveau chapitre.<\/p>\n\n\n\n<p class=\".nckf-post-paragraph\">D\u00e9couvrez l\u2019article dans le lien ci-dessous.<\/p>\n\n\n\n<div class=\"wp-block-file\"><a id=\"wp-block-file--media-99823a0b-8e83-4488-ba54-1a6773be5a96\" href=\"https:\/\/naef-commercial.ch\/wp-content\/uploads\/2024\/09\/immobilier-ch-news-le-projet-pionnier-rubix-demarre-magazine_NCKF.pdf\">immobilier-ch-news-le-projet-pionnier-rubix-demarre-magazine_NCKF<\/a><a href=\"https:\/\/naef-commercial.ch\/wp-content\/uploads\/2024\/09\/immobilier-ch-news-le-projet-pionnier-rubix-demarre-magazine_NCKF.pdf\" class=\"wp-block-file__button wp-element-button\" download aria-describedby=\"wp-block-file--media-99823a0b-8e83-4488-ba54-1a6773be5a96\">T\u00e9l\u00e9charger<\/a><\/div>\n","protected":false},"excerpt":{"rendered":"<p>Immmobilier.ch parle de \u00ab\u00a0fleur d\u2019Eau\u00a0\u00bb Ce lieu d\u2019exception, qui a accueilli le sommet entre Ronald Reagan et Mikha\u00efl Gorbatchev en 1985, offre un cadre unique alliant charme d\u2019\u00e9poque et accessibilit\u00e9 optimale. Nich\u00e9e dans un parc de 12\u2019000 m\u00b2 et \u00e0 seulement 9 km du centre de Gen\u00e8ve, cette propri\u00e9t\u00e9 rare est accessible aux acqu\u00e9reurs \u00e9trangers [&hellip;]<\/p>\n","protected":false},"author":2,"featured_media":4415,"comment_status":"closed","ping_status":"closed","sticky":false,"template":"","format":"standard","meta":{"_acf_changed":false,"footnotes":""},"categories":[28],"tags":[],"class_list":["post-4404","post","type-post","status-publish","format-standard","has-post-thumbnail","hentry","category-etudes-nationales"],"acf":[],"_links":{"self":[{"href":"https:\/\/naef-commercial.ch\/fr\/wp-json\/wp\/v2\/posts\/4404","targetHints":{"allow":["GET"]}}],"collection":[{"href":"https:\/\/naef-commercial.ch\/fr\/wp-json\/wp\/v2\/posts"}],"about":[{"href":"https:\/\/naef-commercial.ch\/fr\/wp-json\/wp\/v2\/types\/post"}],"author":[{"embeddable":true,"href":"https:\/\/naef-commercial.ch\/fr\/wp-json\/wp\/v2\/users\/2"}],"replies":[{"embeddable":true,"href":"https:\/\/naef-commercial.ch\/fr\/wp-json\/wp\/v2\/comments?post=4404"}],"version-history":[{"count":2,"href":"https:\/\/naef-commercial.ch\/fr\/wp-json\/wp\/v2\/posts\/4404\/revisions"}],"predecessor-version":[{"id":4418,"href":"https:\/\/naef-commercial.ch\/fr\/wp-json\/wp\/v2\/posts\/4404\/revisions\/4418"}],"wp:featuredmedia":[{"embeddable":true,"href":"https:\/\/naef-commercial.ch\/fr\/wp-json\/wp\/v2\/media\/4415"}],"wp:attachment":[{"href":"https:\/\/naef-commercial.ch\/fr\/wp-json\/wp\/v2\/media?parent=4404"}],"wp:term":[{"taxonomy":"category","embeddable":true,"href":"https:\/\/naef-commercial.ch\/fr\/wp-json\/wp\/v2\/categories?post=4404"},{"taxonomy":"post_tag","embeddable":true,"href":"https:\/\/naef-commercial.ch\/fr\/wp-json\/wp\/v2\/tags?post=4404"}],"curies":[{"name":"wp","href":"https:\/\/api.w.org\/{rel}","templated":true}]}}