{"id":4391,"date":"2025-02-14T00:06:00","date_gmt":"2025-02-13T23:06:00","guid":{"rendered":"https:\/\/naef-commercial.ch\/?p=4391"},"modified":"2026-04-30T00:10:27","modified_gmt":"2026-04-29T23:10:27","slug":"synthese-du-marche-de-linvestissement-immobilier-genevois-4eme-trimestre-2024","status":"publish","type":"post","link":"https:\/\/naef-commercial.ch\/fr\/synthese-du-marche-de-linvestissement-immobilier-genevois-4eme-trimestre-2024\/","title":{"rendered":"Synth\u00e8se du march\u00e9 de l\u2019investissement immobilier genevois \u2014 4\u00e8me trimestre 2024"},"content":{"rendered":"\n<p><\/p>\n\n\n\n<p>Nous sommes ravis de vous pr\u00e9senter notre synth\u00e8se du march\u00e9 de l&rsquo;investissement immobilier genevois au quatri\u00e8me trimestre 2024.<\/p>\n\n\n\n<p>&nbsp;Coup d&rsquo;acc\u00e9l\u00e9rateur sur le volume de transaction de +47% par rapport \u00e0 la moyenne des trois derniers trimestres. Un volume \u00e9chang\u00e9 en 2024, certes tr\u00e8s \u00e9loign\u00e9 des ann\u00e9es records de 2020, 2021 et 2022, mais en ad\u00e9quation avec les nouveaux crit\u00e8res de march\u00e9.&nbsp;<\/p>\n\n\n\n<p>Des annonces de march\u00e9 qui seront effectives d\u00e8s le 1er janvier 2025. Quels seront leurs impacts ?&nbsp;<\/p>\n\n\n\n<p>D\u00e9couvrez, entre autres, notre analyse d\u00e9taill\u00e9e des volumes et types d&rsquo;investissements, des transactions majeures du trimestre et de l&rsquo;impact des r\u00e9gulations internationales et des nouvelles r\u00e9glementations fiscales.&nbsp;<\/p>\n\n\n\n<p class=\".nckf-post-paragraph\">Consultez l&rsquo;int\u00e9gralit\u00e9 de notre synth\u00e8se ci-dessous.<\/p>\n\n\n\n<div class=\"wp-block-file\"><a id=\"wp-block-file--media-6cfc0fb4-f1e7-4ec4-9a04-80f6094c0bc3\" href=\"https:\/\/naef-commercial.ch\/wp-content\/uploads\/2026\/04\/Synthese-du-marche-de-linvestissement-immobilier-genevois-au-4eme-trimestre-2024.pdf\">Synth\u00e8se du march\u00e9 de l&rsquo;investissement immobilier genevois au 4eme trimestre 2024<\/a><a href=\"https:\/\/naef-commercial.ch\/wp-content\/uploads\/2026\/04\/Synthese-du-marche-de-linvestissement-immobilier-genevois-au-4eme-trimestre-2024.pdf\" class=\"wp-block-file__button wp-element-button\" download aria-describedby=\"wp-block-file--media-6cfc0fb4-f1e7-4ec4-9a04-80f6094c0bc3\">T\u00e9l\u00e9charger<\/a><\/div>\n\n\n\n<p><\/p>\n","protected":false},"excerpt":{"rendered":"<p>Nous sommes ravis de vous pr\u00e9senter notre synth\u00e8se du march\u00e9 de l&rsquo;investissement immobilier genevois au quatri\u00e8me trimestre 2024. &nbsp;Coup d&rsquo;acc\u00e9l\u00e9rateur sur le volume de transaction de +47% par rapport \u00e0 la moyenne des trois derniers trimestres. Un volume \u00e9chang\u00e9 en 2024, certes tr\u00e8s \u00e9loign\u00e9 des ann\u00e9es records de 2020, 2021 et 2022, mais en ad\u00e9quation [&hellip;]<\/p>\n","protected":false},"author":2,"featured_media":4392,"comment_status":"closed","ping_status":"closed","sticky":false,"template":"","format":"standard","meta":{"_acf_changed":false,"footnotes":""},"categories":[28],"tags":[],"class_list":["post-4391","post","type-post","status-publish","format-standard","has-post-thumbnail","hentry","category-etudes-nationales"],"acf":[],"_links":{"self":[{"href":"https:\/\/naef-commercial.ch\/fr\/wp-json\/wp\/v2\/posts\/4391","targetHints":{"allow":["GET"]}}],"collection":[{"href":"https:\/\/naef-commercial.ch\/fr\/wp-json\/wp\/v2\/posts"}],"about":[{"href":"https:\/\/naef-commercial.ch\/fr\/wp-json\/wp\/v2\/types\/post"}],"author":[{"embeddable":true,"href":"https:\/\/naef-commercial.ch\/fr\/wp-json\/wp\/v2\/users\/2"}],"replies":[{"embeddable":true,"href":"https:\/\/naef-commercial.ch\/fr\/wp-json\/wp\/v2\/comments?post=4391"}],"version-history":[{"count":1,"href":"https:\/\/naef-commercial.ch\/fr\/wp-json\/wp\/v2\/posts\/4391\/revisions"}],"predecessor-version":[{"id":4394,"href":"https:\/\/naef-commercial.ch\/fr\/wp-json\/wp\/v2\/posts\/4391\/revisions\/4394"}],"wp:featuredmedia":[{"embeddable":true,"href":"https:\/\/naef-commercial.ch\/fr\/wp-json\/wp\/v2\/media\/4392"}],"wp:attachment":[{"href":"https:\/\/naef-commercial.ch\/fr\/wp-json\/wp\/v2\/media?parent=4391"}],"wp:term":[{"taxonomy":"category","embeddable":true,"href":"https:\/\/naef-commercial.ch\/fr\/wp-json\/wp\/v2\/categories?post=4391"},{"taxonomy":"post_tag","embeddable":true,"href":"https:\/\/naef-commercial.ch\/fr\/wp-json\/wp\/v2\/tags?post=4391"}],"curies":[{"name":"wp","href":"https:\/\/api.w.org\/{rel}","templated":true}]}}