{"id":739,"date":"2025-11-19T15:52:00","date_gmt":"2025-11-19T15:52:00","guid":{"rendered":"https:\/\/nckf.digirealty.ch\/?p=739"},"modified":"2026-03-25T23:46:03","modified_gmt":"2026-03-25T22:46:03","slug":"investissement-immobilier-a-geneve-entre-prudence-et-reprise-au-troisieme-trimestre-2025","status":"publish","type":"post","link":"https:\/\/naef-commercial.ch\/en\/investissement-immobilier-a-geneve-entre-prudence-et-reprise-au-troisieme-trimestre-2025\/","title":{"rendered":"Real Estate Investment in Geneva: Between Caution and Recovery in the Third Quarter of 2025"},"content":{"rendered":"<p class=\"nckf-post-paragraph\" style=\"font-size:24px\">Apr\u00e8s un troisi\u00e8me trimestre 2025 marqu\u00e9 par une intensification de l\u2019activit\u00e9, le march\u00e9 de l\u2019investissement immobilier genevois confirme une reprise prudente mais tangible. Les indicateurs montrent que la phase de correction rapide observ\u00e9e ces derniers trimestres laisse d\u00e9sormais place \u00e0 une dynamique plus \u00e9quilibr\u00e9e, port\u00e9e par un environnement macro\u00e9conomique plus lisible et des attentes stabilis\u00e9es du c\u00f4t\u00e9 des investisseurs.<\/p>\n\n\n\n<h3 class=\"wp-block-heading nckf-post-title-L\" style=\"font-size:42px;font-style:normal;font-weight:400;letter-spacing:-0.32px\">Une hausse des transactions, malgr\u00e9 un volume en l\u00e9ger recul&nbsp;&nbsp;<\/h3>\n\n\n\n<p class=\"nckf-post-paragraph\" style=\"font-size:24px\">Le march\u00e9 enregistre 35 transactions pour le 3\u00e8me trimestre, soit une hausse +40% (10 transactions) par rapport au trimestre pr\u00e9c\u00e9dent. Dans le m\u00eame temps, le volume total \u00e9chang\u00e9 atteint CHF 468 millions, soit une r\u00e9duction de \u201310% par rapport au trimestre pr\u00e9c\u00e9dent. Ces \u00e9volutions traduisent une baisse marqu\u00e9e du montant moyen par transaction, qui s&rsquo;\u00e9tablit \u00e0 CHF 13 millions.&nbsp;<\/p>\n\n\n\n<h3 class=\"wp-block-heading\" style=\"font-size:0px\">Des transactions fortement concentr\u00e9es sur quelques acteurs<\/h3>\n\n\n\n<p class=\"nckf-post-paragraph\" style=\"font-size:24px\">Parmi les transactions majeures, les cinq transactions majeures totalisent un peu moins de 50% du volume global des \u00e9changes. Les plus importantes sont celles de Realstone pour un montant de CHF 109 millions (trois transactions), ainsi que les acquisitions par la SICAV d&rsquo;Edmond de Rothschild pour CHF 63 millions de francs (cinq transactions). &nbsp;Ces op\u00e9rations illustrent le retour discret mais tangible des fonds d&rsquo;investissements, s\u00e9lectifs mais attentifs aux opportunit\u00e9s qualitatives.<\/p>\n\n\n\n<h3 class=\"wp-block-heading nckf-post-title-L\" style=\"font-size:42px;font-style:normal;font-weight:400;letter-spacing:-0.32px\">La publication des taux de capitalisation pour 2026<\/h3>\n\n\n\n<p class=\"nckf-post-paragraph\" style=\"font-size:24px\">Comme chaque octobre, le Conseil d&rsquo;Etat publie les taux de capitalisation de l&rsquo;AFC, applicables pour l&rsquo;ann\u00e9e prochaine. &nbsp;Ces taux confirment la r\u00e9silience structurelle du march\u00e9 r\u00e9sidentiel. A l&rsquo;inverse, le secteur commercial affiche une \u00e9volution plus contrast\u00e9e avec une hausse plus marqu\u00e9e des rendements pour les actifs en zone secondaire ou p\u00e9riph\u00e9rique.&nbsp;<\/p>\n\n\n\n<h3 class=\"wp-block-heading nckf-post-title-L\" style=\"font-size:42px;font-style:normal;font-weight:400;letter-spacing:-0.32px\">Une reprise prudente mais r\u00e9elle<\/h3>\n\n\n\n<p class=\"nckf-post-paragraph\" style=\"font-size:24px\">Gen\u00e8ve demeure un march\u00e9 attractif. La tendance observ\u00e9e au troisi\u00e8me trimestre laisse entrevoir une poursuite du mouvement au quatri\u00e8me trimestre, sous r\u00e9serve de nouvelles opportunit\u00e9s d\u2019investissement et du maintien d\u2019un contexte \u00e9conomique stable.<\/p>\n\n\n\n<div class=\"wp-block-buttons is-layout-flex wp-block-buttons-is-layout-flex\">\n<div class=\"wp-block-button has-custom-width wp-block-button__width-50\"><a class=\"wp-block-button__link has-white-color has-cyan-bluish-gray-background-color has-text-color has-background has-link-color has-small-font-size has-custom-font-size wp-element-button\" href=\"https:\/\/naef-commercial.ch\/wp-content\/uploads\/2026\/03\/NCKF-Q3-Marche-immobilier-genevois.pdf\" style=\"border-top-left-radius:0px;border-top-right-radius:0px;border-bottom-left-radius:0px;border-bottom-right-radius:0px\" target=\"_blank\" rel=\"noreferrer noopener\">T\u00e9l\u00e9charger l&rsquo;\u00e9tude compl\u00e8te<\/a><\/div>\n<\/div>\n\n\n\n<p><\/p>","protected":false},"excerpt":{"rendered":"<p>Apr\u00e8s un troisi\u00e8me trimestre 2025 marqu\u00e9 par une intensification de l\u2019activit\u00e9, le march\u00e9 de l\u2019investissement immobilier genevois confirme une reprise prudente mais tangible. Les indicateurs montrent que la phase de correction rapide observ\u00e9e ces derniers trimestres laisse d\u00e9sormais place \u00e0 une dynamique plus \u00e9quilibr\u00e9e, port\u00e9e par un environnement macro\u00e9conomique plus lisible et des attentes stabilis\u00e9es [&hellip;]<\/p>\n","protected":false},"author":2,"featured_media":3332,"comment_status":"closed","ping_status":"closed","sticky":false,"template":"","format":"standard","meta":{"_acf_changed":false,"footnotes":""},"categories":[28],"tags":[75],"class_list":["post-739","post","type-post","status-publish","format-standard","has-post-thumbnail","hentry","category-etudes-nationales","tag-nckf"],"acf":[],"_links":{"self":[{"href":"https:\/\/naef-commercial.ch\/en\/wp-json\/wp\/v2\/posts\/739","targetHints":{"allow":["GET"]}}],"collection":[{"href":"https:\/\/naef-commercial.ch\/en\/wp-json\/wp\/v2\/posts"}],"about":[{"href":"https:\/\/naef-commercial.ch\/en\/wp-json\/wp\/v2\/types\/post"}],"author":[{"embeddable":true,"href":"https:\/\/naef-commercial.ch\/en\/wp-json\/wp\/v2\/users\/2"}],"replies":[{"embeddable":true,"href":"https:\/\/naef-commercial.ch\/en\/wp-json\/wp\/v2\/comments?post=739"}],"version-history":[{"count":12,"href":"https:\/\/naef-commercial.ch\/en\/wp-json\/wp\/v2\/posts\/739\/revisions"}],"predecessor-version":[{"id":3381,"href":"https:\/\/naef-commercial.ch\/en\/wp-json\/wp\/v2\/posts\/739\/revisions\/3381"}],"wp:featuredmedia":[{"embeddable":true,"href":"https:\/\/naef-commercial.ch\/en\/wp-json\/wp\/v2\/media\/3332"}],"wp:attachment":[{"href":"https:\/\/naef-commercial.ch\/en\/wp-json\/wp\/v2\/media?parent=739"}],"wp:term":[{"taxonomy":"category","embeddable":true,"href":"https:\/\/naef-commercial.ch\/en\/wp-json\/wp\/v2\/categories?post=739"},{"taxonomy":"post_tag","embeddable":true,"href":"https:\/\/naef-commercial.ch\/en\/wp-json\/wp\/v2\/tags?post=739"}],"curies":[{"name":"wp","href":"https:\/\/api.w.org\/{rel}","templated":true}]}}