{"id":4474,"date":"2023-09-13T10:25:00","date_gmt":"2023-09-13T09:25:00","guid":{"rendered":"https:\/\/naef-commercial.ch\/?p=4474"},"modified":"2026-04-30T10:26:47","modified_gmt":"2026-04-30T09:26:47","slug":"synthese-du-marche-immobilier-genevois-2e-trimestre-2023","status":"publish","type":"post","link":"https:\/\/naef-commercial.ch\/en\/synthese-du-marche-immobilier-genevois-2e-trimestre-2023\/","title":{"rendered":"Synth\u00e8se\u00a0du\u00a0march\u00e9\u00a0immobilier\u00a0genevois\u00a0\u2014\u00a02e\u00a0trimestre\u00a02023"},"content":{"rendered":"<p><\/p>\n\n\n\n<p>Retrouvez ci-dessous la situation du march\u00e9 de l&rsquo;immobilier genevois au 2e trimestre 2023.<\/p>\n\n\n\n<p>Du c\u00f4t\u00e9 de l&rsquo;investissement, le volume des ventes d&rsquo;immeubles \u00e9chang\u00e9 au cours de ce trimestre reste faible en comparaison du deuxi\u00e8me trimestre 2022 et co\u00efncide aves les diff\u00e9rents \u00e9v\u00e9nements de correction du march\u00e9 qui ont eu lieu dans l&rsquo;intervalle.<br><br>Du c\u00f4t\u00e9 du commercial, la livraison de deux grands projets est venue doubler les m\u00b2 de surfaces de bureaux disponibles sur le canton. Ces nouvelles surfaces conna\u00eessent toutefois une bonne absorption car elles correspondent aux attentes des entreprises en terme d&rsquo;am\u00e9nagements et d&rsquo;objectifs \u00e9nerg\u00e9tiques.<\/p>\n\n\n\n<div class=\"wp-block-file\"><a id=\"wp-block-file--media-f608c59f-f7e4-4958-a4a8-4425f4939019\" href=\"https:\/\/naef-commercial.ch\/wp-content\/uploads\/2026\/04\/Synthese-du-marche-immobilier-genevois_2e-trimestre-2023.pdf\">Synth\u00e8se du march\u00e9 immobilier genevois_2e trimestre 2023<\/a><a href=\"https:\/\/naef-commercial.ch\/wp-content\/uploads\/2026\/04\/Synthese-du-marche-immobilier-genevois_2e-trimestre-2023.pdf\" class=\"wp-block-file__button wp-element-button\" download aria-describedby=\"wp-block-file--media-f608c59f-f7e4-4958-a4a8-4425f4939019\">T\u00e9l\u00e9charger<\/a><\/div>","protected":false},"excerpt":{"rendered":"<p>Retrouvez ci-dessous la situation du march\u00e9 de l&rsquo;immobilier genevois au 2e trimestre 2023. Du c\u00f4t\u00e9 de l&rsquo;investissement, le volume des ventes d&rsquo;immeubles \u00e9chang\u00e9 au cours de ce trimestre reste faible en comparaison du deuxi\u00e8me trimestre 2022 et co\u00efncide aves les diff\u00e9rents \u00e9v\u00e9nements de correction du march\u00e9 qui ont eu lieu dans l&rsquo;intervalle. Du c\u00f4t\u00e9 du [&hellip;]<\/p>\n","protected":false},"author":2,"featured_media":4444,"comment_status":"closed","ping_status":"closed","sticky":false,"template":"","format":"standard","meta":{"_acf_changed":false,"footnotes":""},"categories":[28],"tags":[],"class_list":["post-4474","post","type-post","status-publish","format-standard","has-post-thumbnail","hentry","category-etudes-nationales"],"acf":[],"_links":{"self":[{"href":"https:\/\/naef-commercial.ch\/en\/wp-json\/wp\/v2\/posts\/4474","targetHints":{"allow":["GET"]}}],"collection":[{"href":"https:\/\/naef-commercial.ch\/en\/wp-json\/wp\/v2\/posts"}],"about":[{"href":"https:\/\/naef-commercial.ch\/en\/wp-json\/wp\/v2\/types\/post"}],"author":[{"embeddable":true,"href":"https:\/\/naef-commercial.ch\/en\/wp-json\/wp\/v2\/users\/2"}],"replies":[{"embeddable":true,"href":"https:\/\/naef-commercial.ch\/en\/wp-json\/wp\/v2\/comments?post=4474"}],"version-history":[{"count":1,"href":"https:\/\/naef-commercial.ch\/en\/wp-json\/wp\/v2\/posts\/4474\/revisions"}],"predecessor-version":[{"id":4476,"href":"https:\/\/naef-commercial.ch\/en\/wp-json\/wp\/v2\/posts\/4474\/revisions\/4476"}],"wp:featuredmedia":[{"embeddable":true,"href":"https:\/\/naef-commercial.ch\/en\/wp-json\/wp\/v2\/media\/4444"}],"wp:attachment":[{"href":"https:\/\/naef-commercial.ch\/en\/wp-json\/wp\/v2\/media?parent=4474"}],"wp:term":[{"taxonomy":"category","embeddable":true,"href":"https:\/\/naef-commercial.ch\/en\/wp-json\/wp\/v2\/categories?post=4474"},{"taxonomy":"post_tag","embeddable":true,"href":"https:\/\/naef-commercial.ch\/en\/wp-json\/wp\/v2\/tags?post=4474"}],"curies":[{"name":"wp","href":"https:\/\/api.w.org\/{rel}","templated":true}]}}