{"id":4469,"date":"2023-09-25T10:16:00","date_gmt":"2023-09-25T09:16:00","guid":{"rendered":"https:\/\/naef-commercial.ch\/?p=4469"},"modified":"2026-04-30T10:23:26","modified_gmt":"2026-04-30T09:23:26","slug":"immobilier-ch-data-centers-et-seniors-la-futur-mine-dor","status":"publish","type":"post","link":"https:\/\/naef-commercial.ch\/en\/immobilier-ch-data-centers-et-seniors-la-futur-mine-dor\/","title":{"rendered":"Immobilier.ch\u00a0&#8211;\u00a0Data\u00a0centers\u00a0et\u00a0seniors,\u00a0la\u00a0futur\u00a0mine\u00a0d&rsquo;or"},"content":{"rendered":"<p><\/p>\n\n\n\n<p>Retrouvez l&rsquo;article d&rsquo;Immobilier.ch sur la derni\u00e8re conf\u00e9rence de Naef Commercial Knight Frank pr\u00e9sentant les opportunit\u00e9s d&rsquo;investissement dans les domaines des data centers et du senior housing.<\/p>\n\n\n\n<div class=\"wp-block-file\"><a id=\"wp-block-file--media-019cb5d4-2181-45b6-a80d-fcbd074274a8\" href=\"https:\/\/naef-commercial.ch\/wp-content\/uploads\/2026\/04\/immobilier-ch-news-data-center-et-senior-housing.pdf\">immobilier-ch-news-data center et senior housing<\/a><a href=\"https:\/\/naef-commercial.ch\/wp-content\/uploads\/2026\/04\/immobilier-ch-news-data-center-et-senior-housing.pdf\" class=\"wp-block-file__button wp-element-button\" download aria-describedby=\"wp-block-file--media-019cb5d4-2181-45b6-a80d-fcbd074274a8\">T\u00e9l\u00e9charger<\/a><\/div>","protected":false},"excerpt":{"rendered":"<p>Retrouvez l&rsquo;article d&rsquo;Immobilier.ch sur la derni\u00e8re conf\u00e9rence de Naef Commercial Knight Frank pr\u00e9sentant les opportunit\u00e9s d&rsquo;investissement dans les domaines des data centers et du senior housing.<\/p>","protected":false},"author":2,"featured_media":4470,"comment_status":"closed","ping_status":"closed","sticky":false,"template":"","format":"standard","meta":{"_acf_changed":false,"footnotes":""},"categories":[27],"tags":[],"class_list":["post-4469","post","type-post","status-publish","format-standard","has-post-thumbnail","hentry","category-actualites"],"acf":[],"_links":{"self":[{"href":"https:\/\/naef-commercial.ch\/en\/wp-json\/wp\/v2\/posts\/4469","targetHints":{"allow":["GET"]}}],"collection":[{"href":"https:\/\/naef-commercial.ch\/en\/wp-json\/wp\/v2\/posts"}],"about":[{"href":"https:\/\/naef-commercial.ch\/en\/wp-json\/wp\/v2\/types\/post"}],"author":[{"embeddable":true,"href":"https:\/\/naef-commercial.ch\/en\/wp-json\/wp\/v2\/users\/2"}],"replies":[{"embeddable":true,"href":"https:\/\/naef-commercial.ch\/en\/wp-json\/wp\/v2\/comments?post=4469"}],"version-history":[{"count":2,"href":"https:\/\/naef-commercial.ch\/en\/wp-json\/wp\/v2\/posts\/4469\/revisions"}],"predecessor-version":[{"id":4473,"href":"https:\/\/naef-commercial.ch\/en\/wp-json\/wp\/v2\/posts\/4469\/revisions\/4473"}],"wp:featuredmedia":[{"embeddable":true,"href":"https:\/\/naef-commercial.ch\/en\/wp-json\/wp\/v2\/media\/4470"}],"wp:attachment":[{"href":"https:\/\/naef-commercial.ch\/en\/wp-json\/wp\/v2\/media?parent=4469"}],"wp:term":[{"taxonomy":"category","embeddable":true,"href":"https:\/\/naef-commercial.ch\/en\/wp-json\/wp\/v2\/categories?post=4469"},{"taxonomy":"post_tag","embeddable":true,"href":"https:\/\/naef-commercial.ch\/en\/wp-json\/wp\/v2\/tags?post=4469"}],"curies":[{"name":"wp","href":"https:\/\/api.w.org\/{rel}","templated":true}]}}