{"id":4401,"date":"2024-11-25T07:38:00","date_gmt":"2024-11-25T06:38:00","guid":{"rendered":"https:\/\/naef-commercial.ch\/?p=4401"},"modified":"2026-04-30T08:11:48","modified_gmt":"2026-04-30T07:11:48","slug":"lessentiel-du-marche-bureaux-geneve-vaud-neuchatel-2024","status":"publish","type":"post","link":"https:\/\/naef-commercial.ch\/en\/lessentiel-du-marche-bureaux-geneve-vaud-neuchatel-2024\/","title":{"rendered":"L&rsquo;Essentiel\u00a0du\u00a0march\u00e9\u00a0&#8211;\u00a0Bureaux\u00a0&#8211;\u00a0Gen\u00e8ve\u00a0&#8211;\u00a0Vaud\u00a0&#8211;\u00a0Neuch\u00e2tel\u00a0&#8211;\u00a02024"},"content":{"rendered":"<p>Retrouvez ci-dessous les tendances du march\u00e9 de bureaux dans les cantons de Gen\u00e8ve, Vaud et Neuch\u00e2tel.<\/p>\n\n\n\n<div class=\"wp-block-file\"><a id=\"wp-block-file--media-90776407-c798-4cef-9516-2e6dd789e218\" href=\"https:\/\/naef-commercial.ch\/wp-content\/uploads\/2024\/11\/snapshot2024_FR_14112024.pdf\">snapshot2024_FR_14112024<\/a><a href=\"https:\/\/naef-commercial.ch\/wp-content\/uploads\/2024\/11\/snapshot2024_FR_14112024.pdf\" class=\"wp-block-file__button wp-element-button\" download aria-describedby=\"wp-block-file--media-90776407-c798-4cef-9516-2e6dd789e218\">T\u00e9l\u00e9charger<\/a><\/div>\n\n\n\n<p class=\".nckf-post-paragraph\"><\/p>\n\n\n\n<p><\/p>","protected":false},"excerpt":{"rendered":"<p>Retrouvez ci-dessous les tendances du march\u00e9 de bureaux dans les cantons de Gen\u00e8ve, Vaud et Neuch\u00e2tel.<\/p>","protected":false},"author":2,"featured_media":4403,"comment_status":"closed","ping_status":"closed","sticky":false,"template":"","format":"standard","meta":{"_acf_changed":false,"footnotes":""},"categories":[28],"tags":[],"class_list":["post-4401","post","type-post","status-publish","format-standard","has-post-thumbnail","hentry","category-etudes-nationales"],"acf":[],"_links":{"self":[{"href":"https:\/\/naef-commercial.ch\/en\/wp-json\/wp\/v2\/posts\/4401","targetHints":{"allow":["GET"]}}],"collection":[{"href":"https:\/\/naef-commercial.ch\/en\/wp-json\/wp\/v2\/posts"}],"about":[{"href":"https:\/\/naef-commercial.ch\/en\/wp-json\/wp\/v2\/types\/post"}],"author":[{"embeddable":true,"href":"https:\/\/naef-commercial.ch\/en\/wp-json\/wp\/v2\/users\/2"}],"replies":[{"embeddable":true,"href":"https:\/\/naef-commercial.ch\/en\/wp-json\/wp\/v2\/comments?post=4401"}],"version-history":[{"count":2,"href":"https:\/\/naef-commercial.ch\/en\/wp-json\/wp\/v2\/posts\/4401\/revisions"}],"predecessor-version":[{"id":4410,"href":"https:\/\/naef-commercial.ch\/en\/wp-json\/wp\/v2\/posts\/4401\/revisions\/4410"}],"wp:featuredmedia":[{"embeddable":true,"href":"https:\/\/naef-commercial.ch\/en\/wp-json\/wp\/v2\/media\/4403"}],"wp:attachment":[{"href":"https:\/\/naef-commercial.ch\/en\/wp-json\/wp\/v2\/media?parent=4401"}],"wp:term":[{"taxonomy":"category","embeddable":true,"href":"https:\/\/naef-commercial.ch\/en\/wp-json\/wp\/v2\/categories?post=4401"},{"taxonomy":"post_tag","embeddable":true,"href":"https:\/\/naef-commercial.ch\/en\/wp-json\/wp\/v2\/tags?post=4401"}],"curies":[{"name":"wp","href":"https:\/\/api.w.org\/{rel}","templated":true}]}}